{"id":3080,"date":"2026-09-02T13:41:40","date_gmt":"2026-09-02T13:41:40","guid":{"rendered":"https:\/\/suetra-tabacos.com.ar\/blog\/?p=3080"},"modified":"2026-09-02T13:41:40","modified_gmt":"2026-09-02T13:41:40","slug":"jornada-de-formacion-para-delegados-de-salta-y-jujuy","status":"publish","type":"post","link":"https:\/\/suetra-tabacos.com.ar\/blog\/jornada-de-formacion-para-delegados-de-salta-y-jujuy\/","title":{"rendered":"JORNADA DE FORMACI\u00d3N PARA DELEGADOS DE SALTA Y JUJUY"},"content":{"rendered":"\n<p>Una nueva jornada de formaci\u00f3n para delegados se llev\u00f3 a cabo en la provincia de Salta, con la participaci\u00f3n del Secretario General y Adjunto de Seccional Salta, Jorge Muguertigue.<br>Tambi\u00e9n se cont\u00f3 con la presencia del compa\u00f1ero H\u00e9ctor Morcillo (FTIA), y el movimiento obrero organizado.<br>\u00abLa capacitaci\u00f3n y la unidad son el camino para defender los derechos de nuestra gente\u00bb<\/p>\n\n\n\n<figure class=\"wp-block-gallery has-nested-images columns-default is-cropped wp-block-gallery-1 is-layout-flex wp-block-gallery-is-layout-flex\">\n<figure class=\"wp-block-image size-large\"><a href=\"https:\/\/suetra-tabacos.com.ar\/blog\/wp-content\/uploads\/2026\/09\/jornada-1.jpg\"><img loading=\"lazy\" decoding=\"async\" width=\"1024\" height=\"1024\" data-id=\"3082\" src=\"https:\/\/suetra-tabacos.com.ar\/blog\/wp-content\/uploads\/2026\/09\/jornada-1-1024x1024.jpg\" alt=\"\" class=\"wp-image-3082\" srcset=\"https:\/\/suetra-tabacos.com.ar\/blog\/wp-content\/uploads\/2026\/09\/jornada-1-1024x1024.jpg 1024w, https:\/\/suetra-tabacos.com.ar\/blog\/wp-content\/uploads\/2026\/09\/jornada-1-300x300.jpg 300w, https:\/\/suetra-tabacos.com.ar\/blog\/wp-content\/uploads\/2026\/09\/jornada-1-150x150.jpg 150w, https:\/\/suetra-tabacos.com.ar\/blog\/wp-content\/uploads\/2026\/09\/jornada-1-768x768.jpg 768w, https:\/\/suetra-tabacos.com.ar\/blog\/wp-content\/uploads\/2026\/09\/jornada-1-1536x1536.jpg 1536w, https:\/\/suetra-tabacos.com.ar\/blog\/wp-content\/uploads\/2026\/09\/jornada-1-624x624.jpg 624w, https:\/\/suetra-tabacos.com.ar\/blog\/wp-content\/uploads\/2026\/09\/jornada-1.jpg 1772w\" sizes=\"auto, (max-width: 1024px) 100vw, 1024px\" \/><\/a><\/figure>\n\n\n\n<figure class=\"wp-block-image size-large\"><a href=\"https:\/\/suetra-tabacos.com.ar\/blog\/wp-content\/uploads\/2026\/09\/jornada-2.jpg\"><img loading=\"lazy\" decoding=\"async\" width=\"1024\" height=\"1024\" data-id=\"3083\" src=\"https:\/\/suetra-tabacos.com.ar\/blog\/wp-content\/uploads\/2026\/09\/jornada-2-1024x1024.jpg\" alt=\"\" class=\"wp-image-3083\" srcset=\"https:\/\/suetra-tabacos.com.ar\/blog\/wp-content\/uploads\/2026\/09\/jornada-2-1024x1024.jpg 1024w, https:\/\/suetra-tabacos.com.ar\/blog\/wp-content\/uploads\/2026\/09\/jornada-2-300x300.jpg 300w, https:\/\/suetra-tabacos.com.ar\/blog\/wp-content\/uploads\/2026\/09\/jornada-2-150x150.jpg 150w, https:\/\/suetra-tabacos.com.ar\/blog\/wp-content\/uploads\/2026\/09\/jornada-2-768x768.jpg 768w, https:\/\/suetra-tabacos.com.ar\/blog\/wp-content\/uploads\/2026\/09\/jornada-2-1536x1536.jpg 1536w, https:\/\/suetra-tabacos.com.ar\/blog\/wp-content\/uploads\/2026\/09\/jornada-2-624x624.jpg 624w, https:\/\/suetra-tabacos.com.ar\/blog\/wp-content\/uploads\/2026\/09\/jornada-2.jpg 1772w\" sizes=\"auto, (max-width: 1024px) 100vw, 1024px\" \/><\/a><\/figure>\n\n\n\n<figure class=\"wp-block-image size-large\"><a href=\"https:\/\/suetra-tabacos.com.ar\/blog\/wp-content\/uploads\/2026\/09\/jornada-3.jpg\"><img loading=\"lazy\" decoding=\"async\" width=\"1024\" height=\"1024\" data-id=\"3081\" src=\"https:\/\/suetra-tabacos.com.ar\/blog\/wp-content\/uploads\/2026\/09\/jornada-3-1024x1024.jpg\" alt=\"\" class=\"wp-image-3081\" srcset=\"https:\/\/suetra-tabacos.com.ar\/blog\/wp-content\/uploads\/2026\/09\/jornada-3-1024x1024.jpg 1024w, https:\/\/suetra-tabacos.com.ar\/blog\/wp-content\/uploads\/2026\/09\/jornada-3-300x300.jpg 300w, https:\/\/suetra-tabacos.com.ar\/blog\/wp-content\/uploads\/2026\/09\/jornada-3-150x150.jpg 150w, https:\/\/suetra-tabacos.com.ar\/blog\/wp-content\/uploads\/2026\/09\/jornada-3-768x768.jpg 768w, https:\/\/suetra-tabacos.com.ar\/blog\/wp-content\/uploads\/2026\/09\/jornada-3-1536x1536.jpg 1536w, https:\/\/suetra-tabacos.com.ar\/blog\/wp-content\/uploads\/2026\/09\/jornada-3-624x624.jpg 624w, https:\/\/suetra-tabacos.com.ar\/blog\/wp-content\/uploads\/2026\/09\/jornada-3.jpg 1772w\" sizes=\"auto, (max-width: 1024px) 100vw, 1024px\" \/><\/a><\/figure>\n<\/figure>\n","protected":false},"excerpt":{"rendered":"<p>Una nueva jornada de formaci\u00f3n para delegados se llev\u00f3 a cabo en la provincia de Salta, con la participaci\u00f3n del Secretario General y Adjunto de Seccional Salta, Jorge Muguertigue.Tambi\u00e9n se cont\u00f3 con la presencia del compa\u00f1ero H\u00e9ctor Morcillo (FTIA), y el movimiento obrero organizado.\u00abLa capacitaci\u00f3n y la unidad son el camino para defender los derechos [&hellip;]<\/p>\n","protected":false},"author":3,"featured_media":3084,"comment_status":"open","ping_status":"open","sticky":false,"template":"","format":"standard","meta":{"footnotes":""},"categories":[1],"tags":[],"class_list":["post-3080","post","type-post","status-publish","format-standard","has-post-thumbnail","hentry","category-suetra"],"_links":{"self":[{"href":"https:\/\/suetra-tabacos.com.ar\/blog\/wp-json\/wp\/v2\/posts\/3080","targetHints":{"allow":["GET"]}}],"collection":[{"href":"https:\/\/suetra-tabacos.com.ar\/blog\/wp-json\/wp\/v2\/posts"}],"about":[{"href":"https:\/\/suetra-tabacos.com.ar\/blog\/wp-json\/wp\/v2\/types\/post"}],"author":[{"embeddable":true,"href":"https:\/\/suetra-tabacos.com.ar\/blog\/wp-json\/wp\/v2\/users\/3"}],"replies":[{"embeddable":true,"href":"https:\/\/suetra-tabacos.com.ar\/blog\/wp-json\/wp\/v2\/comments?post=3080"}],"version-history":[{"count":1,"href":"https:\/\/suetra-tabacos.com.ar\/blog\/wp-json\/wp\/v2\/posts\/3080\/revisions"}],"predecessor-version":[{"id":3085,"href":"https:\/\/suetra-tabacos.com.ar\/blog\/wp-json\/wp\/v2\/posts\/3080\/revisions\/3085"}],"wp:featuredmedia":[{"embeddable":true,"href":"https:\/\/suetra-tabacos.com.ar\/blog\/wp-json\/wp\/v2\/media\/3084"}],"wp:attachment":[{"href":"https:\/\/suetra-tabacos.com.ar\/blog\/wp-json\/wp\/v2\/media?parent=3080"}],"wp:term":[{"taxonomy":"category","embeddable":true,"href":"https:\/\/suetra-tabacos.com.ar\/blog\/wp-json\/wp\/v2\/categories?post=3080"},{"taxonomy":"post_tag","embeddable":true,"href":"https:\/\/suetra-tabacos.com.ar\/blog\/wp-json\/wp\/v2\/tags?post=3080"}],"curies":[{"name":"wp","href":"https:\/\/api.w.org\/{rel}","templated":true}]}}